{"id":2511,"date":"2021-02-22T11:14:27","date_gmt":"2021-02-22T10:14:27","guid":{"rendered":"https:\/\/www.confesercenticampania.it\/?p=2432"},"modified":"2021-02-25T18:08:39","modified_gmt":"2021-02-25T17:08:39","slug":"fiepet-confesercenti-siamo-allo-stremo-questa-chiusura-e-la-mazzata-finale-per-ristoranti-e-bar","status":"publish","type":"post","link":"https:\/\/www.confesercenticampania.it\/demo\/fiepet-confesercenti-siamo-allo-stremo-questa-chiusura-e-la-mazzata-finale-per-ristoranti-e-bar\/","title":{"rendered":"FIEPET\/CONFESERCENTI :\u201dSIAMO ALLO STREMO, QUESTA CHIUSURA \u00c8 LA MAZZATA FINALE PER RISTORANTI E BAR\u201d"},"content":{"rendered":"<p>Fiepet (Federazione Esercenti Pubblici e turistici)\/Confesercenti Napoli e Campania protestano con forza dopo le ultime decisioni relative al cambiamento di status (e alla sua tempistica) della Campania. Con la firma del presidente e del vice presidente Regionale della Campania Fiepet (rispettivamente Vincenzo Politelli e Mirco Martucci) e del presidente e vicepresidente provinciale di Napoli Fiepet (rispettivamente Antonio Viola e Roberto Biscardi) ecco la nota diffusa: \u201cAncora una volta &#8211; affermano &#8211; la nostra categoria \u00e8 colpita duramente. La decisone del Governo di mandarci in zona arancione comporta il fatto che siamo le uniche attivit\u00e0 a chiudere. Siamo stanchi di decisioni a met\u00e0 che non servono a sconfiggere il virus ma che certamente danneggiano tutti noi. I Ristoranti e i Bar lavorano part time in zona gialla e chiudono in due scenari su tre. Tutto ci\u00f2 \u00e8 insostenibile.<br \/>\nAnche psicologicamente continuare a lavorare in assenza di programmazione \u00e8 un disastro. La logica dell\u2019apri chiudi \u00e8 assolutamente devastante. Peraltro con l\u2019avvento della variante inglese il sistema dei colori \u00e8 assolutamente superato. Occorrono decisioni pi\u00f9 chiare sulla base delle evidenze scientifiche che, lo ricordiamo, dimostrano che i ristoranti non sono vettori di contagio\u201d.<br \/>\nFiepet\/Confesercenti chiedono maggiore lungimiranza nel prossimo futuro: \u201cIl 5 marzo scade dpcm ci auguriamo che il Presidente Draghi rifletta bene sulle decisioni da intraprendere. Nel frattempo ci auguriamo che il nuovo Governo metta mano al capitolo ristori, al tema dei fitti, e valuti se \u00e8 giusto e normale che le spese che ancora oggi sosteniamo non tengano conto delle enormi limitazioni alle quali siamo sottoposti. Insomma frattanto che arrivano i vaccini, non si abbandoni una categoria che \u00e8 letteralmente allo stremo. Anche per colpa di chi dovrebbe controllare e non lo fa.<br \/>\nI danni di questa ultima chiusura &#8211; concludono- rappresenteranno la mazzata finale per tanti esercenti del nostro settore che non avranno pi\u00f9 la forza di rialzarsi. Chi paga tutto questo?\u201d<\/p>\n","protected":false},"excerpt":{"rendered":"<p>Fiepet (Federazione Esercenti Pubblici e turistici)\/Confesercenti Napoli e Campania protestano con forza dopo le ultime decisioni relative al cambiamento di status (e alla sua tempistica) della Campania. Con la firma del presidente e del vice presidente Regionale della Campania Fiepet (rispettivamente Vincenzo Politelli e Mirco Martucci) e del presidente e vicepresidente provinciale di Napoli Fiepet [&hellip;]<\/p>\n","protected":false},"author":1,"featured_media":2521,"comment_status":"open","ping_status":"open","sticky":false,"template":"","format":"standard","meta":{"footnotes":""},"categories":[45],"tags":[],"class_list":["post-2511","post","type-post","status-publish","format-standard","has-post-thumbnail","hentry","category-napoli"],"_links":{"self":[{"href":"https:\/\/www.confesercenticampania.it\/demo\/wp-json\/wp\/v2\/posts\/2511","targetHints":{"allow":["GET"]}}],"collection":[{"href":"https:\/\/www.confesercenticampania.it\/demo\/wp-json\/wp\/v2\/posts"}],"about":[{"href":"https:\/\/www.confesercenticampania.it\/demo\/wp-json\/wp\/v2\/types\/post"}],"author":[{"embeddable":true,"href":"https:\/\/www.confesercenticampania.it\/demo\/wp-json\/wp\/v2\/users\/1"}],"replies":[{"embeddable":true,"href":"https:\/\/www.confesercenticampania.it\/demo\/wp-json\/wp\/v2\/comments?post=2511"}],"version-history":[{"count":0,"href":"https:\/\/www.confesercenticampania.it\/demo\/wp-json\/wp\/v2\/posts\/2511\/revisions"}],"wp:featuredmedia":[{"embeddable":true,"href":"https:\/\/www.confesercenticampania.it\/demo\/wp-json\/wp\/v2\/media\/2521"}],"wp:attachment":[{"href":"https:\/\/www.confesercenticampania.it\/demo\/wp-json\/wp\/v2\/media?parent=2511"}],"wp:term":[{"taxonomy":"category","embeddable":true,"href":"https:\/\/www.confesercenticampania.it\/demo\/wp-json\/wp\/v2\/categories?post=2511"},{"taxonomy":"post_tag","embeddable":true,"href":"https:\/\/www.confesercenticampania.it\/demo\/wp-json\/wp\/v2\/tags?post=2511"}],"curies":[{"name":"wp","href":"https:\/\/api.w.org\/{rel}","templated":true}]}}