{"id":3432,"date":"2022-04-01T10:07:19","date_gmt":"2022-04-01T08:07:19","guid":{"rendered":"https:\/\/www.confesercenticampania.it\/demo\/?p=3432"},"modified":"2022-04-04T10:08:34","modified_gmt":"2022-04-04T08:08:34","slug":"istat-confesercenti-prosegue-limpennata-dei-prezzi-trainata-da-energetici-subito-interventi-mirati-per-fare-uscire-le-imprese-dal-vortice-degli-aumenti","status":"publish","type":"post","link":"https:\/\/www.confesercenticampania.it\/demo\/istat-confesercenti-prosegue-limpennata-dei-prezzi-trainata-da-energetici-subito-interventi-mirati-per-fare-uscire-le-imprese-dal-vortice-degli-aumenti\/","title":{"rendered":"Istat, Confesercenti: \u201cprosegue l\u2019impennata dei prezzi trainata da energetici. Subito interventi mirati per fare uscire le imprese dal vortice degli aumenti\u201d"},"content":{"rendered":"<div class=\"cxmmr5t8 oygrvhab hcukyx3x c1et5uql o9v6fnle ii04i59q\">\n<div dir=\"auto\">Prosegue l\u2019impennata dei prezzi per il nono mese consecutivo. Una spinta propulsiva a due cifre che arriva, ancora una volta, dai beni energetici e si sta trasmettendo a diverse altri componenti, complice la situazione critica relativa alle materie prime, anche alimentari. Cos\u00ec in una nota Confesercenti commenta le stime preliminari diffuse oggi da Istat sull\u2019inflazione di marzo.<\/div>\n<\/div>\n<div class=\"cxmmr5t8 oygrvhab hcukyx3x c1et5uql o9v6fnle ii04i59q\">\n<div dir=\"auto\">I rialzi investono anche il carrello della spesa, anche se i beni ad altra frequenza d\u2019acquisto hanno un\u2019inflazione acquisita pari al 5,5%, quasi identica a quella media. \u201cTengono\u201d, invece, i prezzi di molti servizi, che operano da freno sull\u2019aumento complessivo del tasso d\u2019inflazione, come segnala lo stesso Istituto di statistica.<\/div>\n<\/div>\n<div class=\"cxmmr5t8 oygrvhab hcukyx3x c1et5uql o9v6fnle ii04i59q\">\n<div dir=\"auto\">Certamente i comparti che registrano gli incrementi maggiori sono quelli investiti \u2013 direttamente o indirettamente \u2013 dalla situazione critica in campo energetico, con particolare riferimento ai servizi di alloggio e ristorazione che subiscono l\u2019aumento sia del prezzo dell\u2019energia elettrica che del gas e a cui si sono recentemente aggiunte anche le tensioni registrate nel settore alimentare: attualmente rilevano un\u2019inflazione acquisita pari al 2,3%, meno della met\u00e0 di quella media. Le imprese della distribuzione e del turismo, dunque, si impegnano a non traslare completamente gli impatti subiti dagli aumenti dei prezzi, ma i margini sono sempre pi\u00f9 ridotti. Bisogna agire in fretta, perch\u00e8 il peso degli aumenti dei prezzi sui bilanci di cittadini ed imprese si fa sempre pi\u00f9 gravoso, servono interventi tempestivi e mirati per contenerne l\u2019effetto: il rischio concreto \u00e8 un ulteriore rallentamento della ripresa, proprio quando si iniziano a scorgere \u2013 anche sul lavoro \u2013 primi segnali positivi, ma ancora tutti da consolidare. E questo non sar\u00e0 possibile se non si permetter\u00e0 alle imprese di uscire dal vortice degli aumenti energetici gi\u00e0 dal mese di aprile.<\/div>\n<\/div>\n","protected":false},"excerpt":{"rendered":"<p>Prosegue l\u2019impennata dei prezzi per il nono mese consecutivo. Una spinta propulsiva a due cifre che arriva, ancora una volta, dai beni energetici e si sta trasmettendo a diverse altri componenti, complice la situazione critica relativa alle materie prime, anche alimentari. Cos\u00ec in una nota Confesercenti commenta le stime preliminari diffuse oggi da Istat sull\u2019inflazione [&hellip;]<\/p>\n","protected":false},"author":1,"featured_media":3433,"comment_status":"closed","ping_status":"open","sticky":false,"template":"","format":"standard","meta":{"footnotes":""},"categories":[45,46],"tags":[],"class_list":["post-3432","post","type-post","status-publish","format-standard","has-post-thumbnail","hentry","category-napoli","category-post-slug"],"_links":{"self":[{"href":"https:\/\/www.confesercenticampania.it\/demo\/wp-json\/wp\/v2\/posts\/3432","targetHints":{"allow":["GET"]}}],"collection":[{"href":"https:\/\/www.confesercenticampania.it\/demo\/wp-json\/wp\/v2\/posts"}],"about":[{"href":"https:\/\/www.confesercenticampania.it\/demo\/wp-json\/wp\/v2\/types\/post"}],"author":[{"embeddable":true,"href":"https:\/\/www.confesercenticampania.it\/demo\/wp-json\/wp\/v2\/users\/1"}],"replies":[{"embeddable":true,"href":"https:\/\/www.confesercenticampania.it\/demo\/wp-json\/wp\/v2\/comments?post=3432"}],"version-history":[{"count":0,"href":"https:\/\/www.confesercenticampania.it\/demo\/wp-json\/wp\/v2\/posts\/3432\/revisions"}],"wp:featuredmedia":[{"embeddable":true,"href":"https:\/\/www.confesercenticampania.it\/demo\/wp-json\/wp\/v2\/media\/3433"}],"wp:attachment":[{"href":"https:\/\/www.confesercenticampania.it\/demo\/wp-json\/wp\/v2\/media?parent=3432"}],"wp:term":[{"taxonomy":"category","embeddable":true,"href":"https:\/\/www.confesercenticampania.it\/demo\/wp-json\/wp\/v2\/categories?post=3432"},{"taxonomy":"post_tag","embeddable":true,"href":"https:\/\/www.confesercenticampania.it\/demo\/wp-json\/wp\/v2\/tags?post=3432"}],"curies":[{"name":"wp","href":"https:\/\/api.w.org\/{rel}","templated":true}]}}