{"id":3541,"date":"2022-06-01T09:27:58","date_gmt":"2022-06-01T07:27:58","guid":{"rendered":"https:\/\/www.confesercenticampania.it\/demo\/?p=3541"},"modified":"2022-06-08T09:28:40","modified_gmt":"2022-06-08T07:28:40","slug":"lavoro-confesercenti-pesa-frenata-autonomi-17mila-in-un-mese-scenario-non-privo-di-incertezze-corsa-bollette-condiziona-attivita-accelerare-sui-sostegni","status":"publish","type":"post","link":"https:\/\/www.confesercenticampania.it\/demo\/lavoro-confesercenti-pesa-frenata-autonomi-17mila-in-un-mese-scenario-non-privo-di-incertezze-corsa-bollette-condiziona-attivita-accelerare-sui-sostegni\/","title":{"rendered":"Lavoro: Confesercenti, pesa frenata autonomi, -17mila in un mese. Scenario non privo di incertezze, corsa bollette condiziona attivit\u00e0. Accelerare sui sostegni"},"content":{"rendered":"<p>Dopo due mesi di crescita sostenuta, l\u2019occupazione torna a rallentare ad aprile. Una battuta d\u2019arresto dovuta soprattutto alla frenata dei lavoratori autonomi, che in un solo mese diminuiscono di 17mila unit\u00e0.<\/p>\n<p>Cos\u00ec<strong>\u00a0Confesercenti<\/strong>\u00a0commenta i dati Istat sull\u2019occupazione ad aprile.<\/p>\n<p>Nonostante il calo congiunturale, nel confronto con lo scorso anno il quadro resta comunque positivo: rispetto ad aprile 2021 si rilevano 670mila occupati in pi\u00f9. Un incremento, per\u00f2, che \u00e8 dovuto quasi totalmente \u2013 per il 98,4% \u2013 ai lavoratori dipendenti, che da due mesi sono sopra i 18 milioni, il dato pi\u00f9 alto dal 2004, anno di inizio della serie storica attuale, anche se la crescita \u00e8 dovuta soprattutto ai contratti a termine.<\/p>\n<p>Il lavoro indipendente, invece, registra ad aprile una flessione congiunturale pi\u00f9 intensa della media, che riduce anche l\u2019aumento medio rispetto all\u2019anno precedente, che \u00e8 solo del +0,2%. Gli occupati indipendenti, quindi, rimangono saldamenti ancora, purtroppo, sotto la soglia dei 5milioni di unit\u00e0.<\/p>\n<p>Lo scenario del lavoro, dunque, appare complessivamente positivo ma non senza incertezze. Anche perch\u00e9 le tensioni internazionali e la corsa dei beni energetici (e di conseguenza dei prezzi) stanno avendo un impatto negativo sulle attivit\u00e0 economiche di tutti i settori, rallentando una ripresa che avrebbe dovuto e potuto essere ben pi\u00f9 sostenuta. Bisogna fare il possibile per fermare l\u2019inflazione: la notizia dell\u2019accordo sul tetto del gas raggiunto in sede europea \u00e8 positiva, ora occorre concretizzare rapidamente i sostegni alle famiglie e alle imprese gi\u00e0 annunciati\u201d.<\/p>\n","protected":false},"excerpt":{"rendered":"<p>Dopo due mesi di crescita sostenuta, l\u2019occupazione torna a rallentare ad aprile. Una battuta d\u2019arresto dovuta soprattutto alla frenata dei lavoratori autonomi, che in un solo mese diminuiscono di 17mila unit\u00e0. Cos\u00ec\u00a0Confesercenti\u00a0commenta i dati Istat sull\u2019occupazione ad aprile. Nonostante il calo congiunturale, nel confronto con lo scorso anno il quadro resta comunque positivo: rispetto ad [&hellip;]<\/p>\n","protected":false},"author":1,"featured_media":3542,"comment_status":"closed","ping_status":"open","sticky":false,"template":"","format":"standard","meta":{"footnotes":""},"categories":[23,45,46],"tags":[],"class_list":["post-3541","post","type-post","status-publish","format-standard","has-post-thumbnail","hentry","category-campania","category-napoli","category-post-slug"],"_links":{"self":[{"href":"https:\/\/www.confesercenticampania.it\/demo\/wp-json\/wp\/v2\/posts\/3541","targetHints":{"allow":["GET"]}}],"collection":[{"href":"https:\/\/www.confesercenticampania.it\/demo\/wp-json\/wp\/v2\/posts"}],"about":[{"href":"https:\/\/www.confesercenticampania.it\/demo\/wp-json\/wp\/v2\/types\/post"}],"author":[{"embeddable":true,"href":"https:\/\/www.confesercenticampania.it\/demo\/wp-json\/wp\/v2\/users\/1"}],"replies":[{"embeddable":true,"href":"https:\/\/www.confesercenticampania.it\/demo\/wp-json\/wp\/v2\/comments?post=3541"}],"version-history":[{"count":0,"href":"https:\/\/www.confesercenticampania.it\/demo\/wp-json\/wp\/v2\/posts\/3541\/revisions"}],"wp:featuredmedia":[{"embeddable":true,"href":"https:\/\/www.confesercenticampania.it\/demo\/wp-json\/wp\/v2\/media\/3542"}],"wp:attachment":[{"href":"https:\/\/www.confesercenticampania.it\/demo\/wp-json\/wp\/v2\/media?parent=3541"}],"wp:term":[{"taxonomy":"category","embeddable":true,"href":"https:\/\/www.confesercenticampania.it\/demo\/wp-json\/wp\/v2\/categories?post=3541"},{"taxonomy":"post_tag","embeddable":true,"href":"https:\/\/www.confesercenticampania.it\/demo\/wp-json\/wp\/v2\/tags?post=3541"}],"curies":[{"name":"wp","href":"https:\/\/api.w.org\/{rel}","templated":true}]}}