{"id":3628,"date":"2022-08-05T10:20:52","date_gmt":"2022-08-05T08:20:52","guid":{"rendered":"https:\/\/www.confesercenticampania.it\/demo\/?p=3628"},"modified":"2022-08-05T10:20:52","modified_gmt":"2022-08-05T08:20:52","slug":"confesercenti-campania-linflazione-taglia-la-spesa-delle-famiglie-con-conseguenze-sugli-introiti-delle-imprese","status":"publish","type":"post","link":"https:\/\/www.confesercenticampania.it\/demo\/confesercenti-campania-linflazione-taglia-la-spesa-delle-famiglie-con-conseguenze-sugli-introiti-delle-imprese\/","title":{"rendered":"Confesercenti Campania: l\u2019inflazione taglia la spesa delle famiglie con conseguenze sugli introiti delle imprese."},"content":{"rendered":"<p><strong>L\u2019inflazione taglia la spesa delle famiglie e ci\u00f2 si riflette sugli introiti delle imprese e delle attivit\u00e0 commerciali, specie in questo periodo estivo, con una prospettiva ancora pi\u00f9 negativa per l\u2019ultimo trimestre di quest\u2019anno.<\/strong>\u00a0Secondo l\u2019analisi di Confesercenti Campania saranno circa 50 i milioni di euro in meno, rispetto a 12 mesi fa, di indotto assicurato dai consumi delle famiglie della nostra regione.<\/p>\n<p>Pesa fortemente anche sui consumatori campani, l\u2019aumento generale dei prezzi, specie quello dei costi fissi: spese per luce, gas e carburanti limitano la spesa per il commercio, bar e ristoranti. Il problema relativo all\u2019inflazione limita, dunque, le famiglie anche per le ferie estive: sono non a caso in aumento, rispetto al 2021, gli esercizi commerciali che rimarranno aperti. Nel periodo di Ferragosto ci saranno molte attivit\u00e0, soprattutto quelle essenziali, aperte. Il taglio alla spesa, a causa dell\u2019inflazione incider\u00e0 sulla capacit\u00e0 di spesa dei consumatori. Secondo le stime di Confesercenti Campania c\u2019\u00e8 stato un crollo dal primo all\u2019attuale trimestre: si \u00e8 passati da un +9% di gennaio\/febbraio\/marzo all\u2019attuale -0.3% che pu\u00f2 diventare -0,9% alla fine del 2022. L\u2019aumento dei prezzi sta spingendo i consumatori anche a ridistribuire il budget tra le voci di spesa, in un quadro condizionato dall\u2019aumento delle spese fisse, che valgono ormai met\u00e0 del bilancio familiare.<\/p>\n<p><strong>Ne abbiamo parlato con Vincenzo Schiavo, presidente di Confesercenti Campania.<\/strong><\/p>\n<p>&nbsp;<\/p>\n","protected":false},"excerpt":{"rendered":"<p>L\u2019inflazione taglia la spesa delle famiglie e ci\u00f2 si riflette sugli introiti delle imprese e delle attivit\u00e0 commerciali, specie in questo periodo estivo, con una prospettiva ancora pi\u00f9 negativa per l\u2019ultimo trimestre di quest\u2019anno.\u00a0Secondo l\u2019analisi di Confesercenti Campania saranno circa 50 i milioni di euro in meno, rispetto a 12 mesi fa, di indotto assicurato [&hellip;]<\/p>\n","protected":false},"author":1,"featured_media":3629,"comment_status":"closed","ping_status":"open","sticky":false,"template":"","format":"standard","meta":{"footnotes":""},"categories":[46],"tags":[47],"class_list":["post-3628","post","type-post","status-publish","format-standard","has-post-thumbnail","hentry","category-post-slug","tag-post-slug"],"_links":{"self":[{"href":"https:\/\/www.confesercenticampania.it\/demo\/wp-json\/wp\/v2\/posts\/3628","targetHints":{"allow":["GET"]}}],"collection":[{"href":"https:\/\/www.confesercenticampania.it\/demo\/wp-json\/wp\/v2\/posts"}],"about":[{"href":"https:\/\/www.confesercenticampania.it\/demo\/wp-json\/wp\/v2\/types\/post"}],"author":[{"embeddable":true,"href":"https:\/\/www.confesercenticampania.it\/demo\/wp-json\/wp\/v2\/users\/1"}],"replies":[{"embeddable":true,"href":"https:\/\/www.confesercenticampania.it\/demo\/wp-json\/wp\/v2\/comments?post=3628"}],"version-history":[{"count":1,"href":"https:\/\/www.confesercenticampania.it\/demo\/wp-json\/wp\/v2\/posts\/3628\/revisions"}],"predecessor-version":[{"id":3630,"href":"https:\/\/www.confesercenticampania.it\/demo\/wp-json\/wp\/v2\/posts\/3628\/revisions\/3630"}],"wp:featuredmedia":[{"embeddable":true,"href":"https:\/\/www.confesercenticampania.it\/demo\/wp-json\/wp\/v2\/media\/3629"}],"wp:attachment":[{"href":"https:\/\/www.confesercenticampania.it\/demo\/wp-json\/wp\/v2\/media?parent=3628"}],"wp:term":[{"taxonomy":"category","embeddable":true,"href":"https:\/\/www.confesercenticampania.it\/demo\/wp-json\/wp\/v2\/categories?post=3628"},{"taxonomy":"post_tag","embeddable":true,"href":"https:\/\/www.confesercenticampania.it\/demo\/wp-json\/wp\/v2\/tags?post=3628"}],"curies":[{"name":"wp","href":"https:\/\/api.w.org\/{rel}","templated":true}]}}