{"id":3699,"date":"2022-09-09T12:57:31","date_gmt":"2022-09-09T10:57:31","guid":{"rendered":"https:\/\/www.confesercenticampania.it\/demo\/?p=3699"},"modified":"2023-07-10T12:25:08","modified_gmt":"2023-07-10T10:25:08","slug":"schiavo-confesercenti-caro-energia-a-rischio-due-milioni-di-posti-di-lavoro","status":"publish","type":"post","link":"https:\/\/www.confesercenticampania.it\/demo\/schiavo-confesercenti-caro-energia-a-rischio-due-milioni-di-posti-di-lavoro\/","title":{"rendered":"Schiavo (Confesercenti): Caro energia, a rischio due milioni di posti di lavoro"},"content":{"rendered":"<div>\n<p class=\"Didefault\"><strong>incenzo Schiavo, imprenditore napoletano, \u00e8 da 17 anni in Confesercenti<\/strong>. Oggi \u00e8\u00a0<strong>vice presidente nazionale con delega al Mezzogiorno\u00a0<\/strong>di una delle pi\u00f9 grandi, radicate e importanti organizzazioni datoriali del Paese. Schiavo ne ha viste tante di crisi economiche e finanziarie. Le ha attraversate tutte difendendo sempre gli interessi di queste piccole e medie imprese che costituiscono la spina dorsale economica dell\u2019Italia. Una crisi lunga come quella che dal 2020 ad oggi fa vivere incubi ad ogni imprenditore forse non l\u2019ha mai vissuta. \u201cSiamo ancora nell\u2019imbuto di pandemia e vaccini e ora dobbiamo fare i conti con la crisi energetica\u201d spiega Schiavo.\u00a0<strong>Come ne usciamo?<\/strong>\u00a0\u201cMi piacerebbe risponderle bene, presto e meglio di prima, ma sono abituato a dire la verit\u00e0\u201d, risponde d\u2019acchito Schiavo.<\/p>\n<\/div>\n<div>\n<p class=\"Didefault\"><b>Il caro energia incide allo stesso modo su tutte le aziende o fa pi\u00f9 male alle aziende del Sud?<\/b><\/p>\n<\/div>\n<div>\n<p class=\"Didefault\">Diciamo che i mali di questo Paese sono democratici: li subiamo tutti. Il salasso bollette dell\u2019elettricit\u00e0 e del metano \u00e8 dunque uguale per tutte le imprese italiane, dal Meridione al Settentrione. Tuttavia \u00e8 evidente che i due territori viaggino a velocit\u00e0 diverse e le risposte a certe crisi di sistema sono diverse. Per cui, al Sud le difficolt\u00e0 sono pi\u00f9 alte perch\u00e9 c\u2019\u00e8 maggiore povert\u00e0 e ci sono minori opportunit\u00e0 di investimento e di guadagno. Al Nord, dove la situazione economica \u00e8 pi\u00f9 stabile e serena, si patisce un po\u2019 meno. L<span dir=\"RTL\" lang=\"AR-SA\">\u2019<\/span>economia incide in maniera differente e quindi il caro energia diventa pi\u00f9 sopportabile. Al Sud diventa l<span dir=\"RTL\" lang=\"AR-SA\">\u2019<\/span>ennesimo macigno per gli imprenditori che devono battagliare, ora anche su questo fronte, non per guadagnare ma per sopravvivere.<\/p>\n<p><img fetchpriority=\"high\" decoding=\"async\" class=\"size-full wp-image-285031 aligncenter\" src=\"https:\/\/www.fortuneita.com\/wp-content\/uploads\/2022\/09\/shutterstock_2163170025.jpg\" sizes=\"(max-width: 1200px) 100vw, 1200px\" srcset=\"https:\/\/www.fortuneita.com\/wp-content\/uploads\/2022\/09\/shutterstock_2163170025.jpg 1200w, https:\/\/www.fortuneita.com\/wp-content\/uploads\/2022\/09\/shutterstock_2163170025-300x200.jpg 300w, https:\/\/www.fortuneita.com\/wp-content\/uploads\/2022\/09\/shutterstock_2163170025-1024x683.jpg 1024w, https:\/\/www.fortuneita.com\/wp-content\/uploads\/2022\/09\/shutterstock_2163170025-768x512.jpg 768w\" alt=\"caro energia fortune italia\" width=\"1200\" height=\"800\" \/><\/p>\n<\/div>\n<div>\n<p class=\"Didefault\"><b>Abbiamo gi\u00e0 dei numeri o delle tendenze su quante aziende rischiano di non farcela a restare aperte a settembre perch\u00e9 non riescono a sostenere i costi dell<\/b><b><span dir=\"RTL\" lang=\"AR-SA\">\u2019<\/span><\/b><b>energia? E quanti posti di lavoro sono a rischio nelle regioni del Sud?<\/b><\/p>\n<\/div>\n<div>\n<p class=\"Didefault\">In Campania abbiamo circa 500mila imprese attive: di esse almeno il 30% rischia di non superare la crisi energetica per un totale di oltre 150mila imprese a rischio e di circa mezzo milione di lavoratori che potrebbero perdere, di conseguenza, il posto. Allargando il discorso all<span dir=\"RTL\" lang=\"AR-SA\">\u2019<\/span>intero Mezzogiorno le imprese attive sono circa 17 milioni. Di esse oltre mezzo milione di aziende non hanno la forza per sopportare gli aumenti e sono fortemente a rischio chiusura o fallimento. Di conseguenza sono circa 2 milioni le persone che rischiano di perdere il posto di lavoro.<\/p>\n<p class=\"Didefault\"><b>Schiavo, lei ci sta parlando di una crisi di dimensioni incredibili. Sa che cosa significano due milioni di persone che dall\u2019oggi al domani potrebbero ritrovarsi senza lavoro?<\/b><\/p>\n<\/div>\n<div>\n<p class=\"Didefault\">Stiamo parlando della tenuta del Paese, di una vera e propria emergenza sociale. Il Governo deve intervenire subito. Non c\u2019\u00e8 un secondo da perdere. Occorrono risorse immediate per evitare che accada l\u2019irreparabile.<\/p>\n<p><img decoding=\"async\" class=\"size-full wp-image-285032 aligncenter\" src=\"https:\/\/www.fortuneita.com\/wp-content\/uploads\/2022\/09\/shutterstock_1679233480.jpg\" sizes=\"(max-width: 1200px) 100vw, 1200px\" srcset=\"https:\/\/www.fortuneita.com\/wp-content\/uploads\/2022\/09\/shutterstock_1679233480.jpg 1200w, https:\/\/www.fortuneita.com\/wp-content\/uploads\/2022\/09\/shutterstock_1679233480-300x200.jpg 300w, https:\/\/www.fortuneita.com\/wp-content\/uploads\/2022\/09\/shutterstock_1679233480-1024x683.jpg 1024w, https:\/\/www.fortuneita.com\/wp-content\/uploads\/2022\/09\/shutterstock_1679233480-768x512.jpg 768w\" alt=\"disoccupazione caro energia fortune italia\" width=\"1200\" height=\"800\" \/><\/p>\n<\/div>\n<div>\n<p class=\"Didefault\"><b>Che cosa potrebbe accadere se non ci fosse un intervento tempestivo del Governo per sterilizzare<\/b>\u00a0<b>gli aumenti dei costi dell<\/b><b><span dir=\"RTL\" lang=\"AR-SA\">\u2019<\/span><\/b><b><span lang=\"ZH-TW\">energia?<\/span><\/b><\/p>\n<\/div>\n<div>\n<p class=\"Didefault\">Il rischio \u00e8, come dicevo, quello della chiusura delle attivit\u00e0, con conseguente grave ripercussione economica sui lavoratori e sulle loro famiglie. Il che, come in un vortice travolgente ed agghiacciante, porterebbe a gravissime ripercussioni, con un blocco totale dell<span dir=\"RTL\" lang=\"AR-SA\">\u2019<\/span>economia e con milioni di disoccupati.<\/p>\n<\/div>\n<div>\n<p class=\"Didefault\"><b>Confesercenti ha fatto richieste specifiche al Governo Draghi per aiutare le aziende che sono<\/b>\u00a0<b>sull<\/b><b><span dir=\"RTL\" lang=\"AR-SA\">\u2019<\/span><\/b><b>orlo del tracollo?<\/b><\/p>\n<\/div>\n<div>\n<p class=\"Didefault\">Abbiamo chiesto al Governo un contributo serio, concreto e tempestivo per poter sostenere le imprese, per non lasciarle alla deriva e per aiutarle a restare sul mercato. Urgono interventi immediati sia da parte del Governo Draghi che di quello che verr\u00e0 formato dopo le elezioni e che, presumibilmente, sar\u00e0 operativo solo a novembre. Chiediamo con forza che l<span dir=\"RTL\" lang=\"AR-SA\">\u2019<\/span>attuale Governo compia un<span dir=\"RTL\" lang=\"AR-SA\">\u2019<\/span>azione immediata, sospendendo o tagliando tali costi, con sostegni e altri interventi a supporto delle nostre imprese.<\/p>\n<\/div>\n<div>\n<p class=\"Didefault\"><b>Le piccole e medie imprese del commercio, del terziario, sono un po\u2019\u00a0<\/b><b>la spina dorsale<\/b>\u00a0<b>dell<\/b><b><span dir=\"RTL\" lang=\"AR-SA\">\u2019<\/span><\/b><b>economia del Paese: quali sono i principali problemi che devono affrontare dopo oltre due anni<\/b>\u00a0<b>di congiuntura economica internazionale sfavorevole? Prima la pandemia, poi la guerra in\u00a0<\/b><b>Ucraina\u2026<\/b><\/p>\n<\/div>\n<div>\n<p class=\"Didefault\">Innanzitutto si trovano a combattere contro un\u2019inflazione inedita, dal momento che era dagli anni \u201980 che non registravamo un aumento dei prezzi cos\u00ec. Di conseguenza le nostre attivit\u00e0 devono far fronte ad incassi sempre pi\u00f9 bassi a causa dell<span dir=\"RTL\" lang=\"AR-SA\">\u2019<\/span>impossibilit\u00e0 per tante persone di poter spendere come prima. Il Covid per 2 anni ha rallentato l<span dir=\"RTL\" lang=\"AR-SA\">\u2019<\/span>economia del nostro Paese distruggendo i fatturati di decine di migliaia di imprese. Ora la guerra e i suoi effetti hanno aggiunto, al problema del calo di fatturato, anche l<span dir=\"RTL\" lang=\"AR-SA\">\u2019<\/span>aumento delle spese fisse. Tutto ci\u00f2, specie a distanza di un lasso di tempo brevissimo, rischia di mettere in ginocchio le imprese, gi\u00e0 provate dalla crisi \u2013 dal momento che devono ancora risollevarsi dalla post-pandemia.<\/p>\n<p><img decoding=\"async\" class=\"size-full wp-image-285033 aligncenter\" src=\"https:\/\/www.fortuneita.com\/wp-content\/uploads\/2022\/09\/shutterstock_2115102881.jpg\" sizes=\"(max-width: 1200px) 100vw, 1200px\" srcset=\"https:\/\/www.fortuneita.com\/wp-content\/uploads\/2022\/09\/shutterstock_2115102881.jpg 1200w, https:\/\/www.fortuneita.com\/wp-content\/uploads\/2022\/09\/shutterstock_2115102881-300x200.jpg 300w, https:\/\/www.fortuneita.com\/wp-content\/uploads\/2022\/09\/shutterstock_2115102881-1024x683.jpg 1024w, https:\/\/www.fortuneita.com\/wp-content\/uploads\/2022\/09\/shutterstock_2115102881-768x512.jpg 768w\" alt=\"sanzioni russia fortune italia\" width=\"1200\" height=\"800\" \/><\/p>\n<\/div>\n<div>\n<p class=\"Didefault\"><b>Quanto incidono le sanzioni economiche occidentali a Mosca sulla sopravvivenza di aziende<\/b>\u00a0<b>italiane che prima esportavano i loro prodotti in Russia?<\/b><\/p>\n<\/div>\n<div>\n<p class=\"Didefault\">Prima della pandemia le imprese italiane esportavano beni e servizi in Russia per un valore di circa 8 miliardi di euro. Durante la pandemia il fatturato era sceso a circa 7 miliardi, ma adesso l<span dir=\"RTL\" lang=\"AR-SA\">\u2019<\/span>export rischia di scomparire completamente. Un danno imponente.<\/p>\n<\/div>\n<div>\n<p class=\"Didefault\"><b>Il ritorno del turismo in una grande capitale del Mezzogiorno come Napoli ha in qualche modo<\/b>\u00a0<b>alleviato le sofferenze delle aziende del settore o anche in questo campo ci sono problemi seri da\u00a0<\/b><b>affrontare legati ai costi dell<\/b><b><span dir=\"RTL\" lang=\"AR-SA\">\u2019<\/span><\/b><b>energia e alle difficolt\u00e0 contingenti?<\/b><\/p>\n<\/div>\n<div>\n<p class=\"Didefault\">Sicuramente il turismo \u00e8 un<span dir=\"RTL\" lang=\"AR-SA\">\u2019<\/span>arma importante per il Sud, per Napoli e la Campania \u00e8 un asset economico fondamentale. Il turismo dovrebbe essere il vero motore dell<span dir=\"RTL\" lang=\"AR-SA\">\u2019<\/span>economia del Mezzogiorno. Lo \u00e8 non solo per le attivit\u00e0 ricettive, ma anche per l<span dir=\"RTL\" lang=\"AR-SA\">\u2019<\/span>intera filiera e l<span dir=\"RTL\" lang=\"AR-SA\">\u2019<\/span>indotto. Ci sono migliaia di attivit\u00e0 che vengono investite di conseguenza dai benefici del turismo. Tuttavia anche in questo senso servirebbe avere un maggiore sostegno, per rendere il turismo il vol\u00e0no dell<span dir=\"RTL\" lang=\"AR-SA\">\u2019<\/span>intera economia. Faccio l<span dir=\"RTL\" lang=\"AR-SA\">\u2019<\/span>esempio di Napoli: per il centro storico e per le zone turistiche il boom quest<span dir=\"RTL\" lang=\"AR-SA\">\u2019<\/span>estate c\u2019\u00e8 stato, ma nelle zone periferiche ci sono state diverse difficolt\u00e0. E se il caro energia ha inciso sui ricavi nelle zone pi\u00f9 affollate, in quelle meno battute ha avuto conseguenze nefaste.<\/p>\n<\/div>\n<div>\n<p class=\"Didefault\"><b>Nei programmi delle forze politiche in campagna elettorale ha riscontrato attenzione per il<\/b>\u00a0<b>commercio, per il terziario che Confesercenti rappresenta?\u00a0<\/b><\/p>\n<\/div>\n<div>\n<p class=\"Didefault\">Credo e spero che le forze politiche conoscano l<span dir=\"RTL\" lang=\"AR-SA\">\u2019<\/span>importanza del settore che rappresentiamo, sia perch<span lang=\"FR\">\u00e9\u00a0<\/span>conta in Italia centinaia di migliaia di attivit\u00e0 e \u2013 di conseguenza -milioni di lavoratori, sia perch<span lang=\"FR\">\u00e9\u00a0<\/span>muove miliardi di euro. Preferiamo non valutare quello che dicono in una fase di campagna elettorale come questa. Preferiamo dialogare con chi andr\u00e0 al Governo ponendoci, come abbiamo sempre fatto, come interlocutori seri e collaborativi sempre che alle parole corrispondano i fatti.<\/p>\n<\/div>\n<div>\n<p class=\"Didefault\"><b>Che cosa non riesce a digerire della campagna elettorale in corso? L\u2019eccesso di promesse?<\/b><\/p>\n<\/div>\n<div>\n<p class=\"Didefault\">Preferisco non esprimere giudizi semplicemente perch<span lang=\"FR\">\u00e9\u00a0<\/span>amo ragionare su fatti concreti. Sicuramente, in passato, le promesse fatte in campagna elettorale che non sono state mantenute hanno infastidito non poco. Per certi versi determinando anche un allontanamento dei cittadini\/elettori dalle istituzioni. In fondo se la gente diserta le urne qualche motivo ci sar\u00e0. Tornando alla sua domanda, per\u00f2, quello che \u00e8 difficile da digerire \u00e8 il fatto che si faccia poco per snellire e migliorare la burocrazia. Le faccio un esempio: l<span dir=\"RTL\" lang=\"AR-SA\">\u2019<\/span>accesso al credito, che noi favoriamo con i nostri sportelli e le nostre convenzioni, viene sempre ostacolato da una burocrazia molto macchinosa.<\/p>\n<\/div>\n<div>\n<p class=\"Didefault\"><b>Se potesse chiedere al prossimo Governo di fare qualcosa per il comparto che rappresenta<\/b><b>\u00a0che cosa chiederebbe?<\/b><\/p>\n<\/div>\n<div>\n<p class=\"Didefault\">La risoluzione, una volta per tutte, del caro energia, l<span dir=\"RTL\" lang=\"AR-SA\">\u2019<\/span>azzeramento della burocrazia che rallenta la nascita delle imprese, che andrebbe invece supportata, e blindare la sicurezza dei nostri territori, senza la quale lo sviluppo economico \u00e8 fortemente inficiato.<\/p>\n<\/div>\n","protected":false},"excerpt":{"rendered":"<p>incenzo Schiavo, imprenditore napoletano, \u00e8 da 17 anni in Confesercenti. Oggi \u00e8\u00a0vice presidente nazionale con delega al Mezzogiorno\u00a0di una delle pi\u00f9 grandi, radicate e importanti organizzazioni datoriali del Paese. Schiavo ne ha viste tante di crisi economiche e finanziarie. Le ha attraversate tutte difendendo sempre gli interessi di queste piccole e medie imprese che costituiscono [&hellip;]<\/p>\n","protected":false},"author":1,"featured_media":3700,"comment_status":"closed","ping_status":"open","sticky":false,"template":"","format":"standard","meta":{"footnotes":""},"categories":[45],"tags":[],"class_list":["post-3699","post","type-post","status-publish","format-standard","has-post-thumbnail","hentry","category-napoli"],"_links":{"self":[{"href":"https:\/\/www.confesercenticampania.it\/demo\/wp-json\/wp\/v2\/posts\/3699","targetHints":{"allow":["GET"]}}],"collection":[{"href":"https:\/\/www.confesercenticampania.it\/demo\/wp-json\/wp\/v2\/posts"}],"about":[{"href":"https:\/\/www.confesercenticampania.it\/demo\/wp-json\/wp\/v2\/types\/post"}],"author":[{"embeddable":true,"href":"https:\/\/www.confesercenticampania.it\/demo\/wp-json\/wp\/v2\/users\/1"}],"replies":[{"embeddable":true,"href":"https:\/\/www.confesercenticampania.it\/demo\/wp-json\/wp\/v2\/comments?post=3699"}],"version-history":[{"count":1,"href":"https:\/\/www.confesercenticampania.it\/demo\/wp-json\/wp\/v2\/posts\/3699\/revisions"}],"predecessor-version":[{"id":3701,"href":"https:\/\/www.confesercenticampania.it\/demo\/wp-json\/wp\/v2\/posts\/3699\/revisions\/3701"}],"wp:featuredmedia":[{"embeddable":true,"href":"https:\/\/www.confesercenticampania.it\/demo\/wp-json\/wp\/v2\/media\/3700"}],"wp:attachment":[{"href":"https:\/\/www.confesercenticampania.it\/demo\/wp-json\/wp\/v2\/media?parent=3699"}],"wp:term":[{"taxonomy":"category","embeddable":true,"href":"https:\/\/www.confesercenticampania.it\/demo\/wp-json\/wp\/v2\/categories?post=3699"},{"taxonomy":"post_tag","embeddable":true,"href":"https:\/\/www.confesercenticampania.it\/demo\/wp-json\/wp\/v2\/tags?post=3699"}],"curies":[{"name":"wp","href":"https:\/\/api.w.org\/{rel}","templated":true}]}}