{"id":3745,"date":"2022-10-07T13:18:31","date_gmt":"2022-10-07T11:18:31","guid":{"rendered":"https:\/\/www.confesercenticampania.it\/demo\/?p=3745"},"modified":"2023-07-10T12:21:16","modified_gmt":"2023-07-10T10:21:16","slug":"senza-tetto-alle-tariffe-in-autunno-consumi-in-caduta-libera","status":"publish","type":"post","link":"https:\/\/www.confesercenticampania.it\/demo\/senza-tetto-alle-tariffe-in-autunno-consumi-in-caduta-libera\/","title":{"rendered":"Senza tetto alle tariffe, in autunno consumi in caduta libera"},"content":{"rendered":"<div class=\"x11i5rnm xat24cr x1mh8g0r x1vvkbs xtlvy1s x126k92a\">\n<div dir=\"auto\">L\u2019inflazione e il caro bollette tagliano le vendite. Nonostante il buon andamento della stagione turistica, ad agosto i dati Istat riportano un forte flessione dei volumi di vendita, sia in confronto a luglio che allo stesso mese dello scorso anno. Una caduta che anticipa un\u2019ulteriore contrazione, pi\u00f9 marcata, che le attivit\u00e0 commerciali ci stanno segnalando anche per settembre ed i primi giorni di ottobre. Cos\u00ec Confesercenti.<\/div>\n<\/div>\n<div class=\"x11i5rnm xat24cr x1mh8g0r x1vvkbs xtlvy1s x126k92a\">\n<div dir=\"auto\">L\u2019inflazione al consumo sta, purtroppo, facendo il suo lavoro: le famiglie spenderanno di pi\u00f9, fino a quando sar\u00e0 possibile, per avere una quantit\u00e0 di beni che diminuisce, mentre l\u2019esplosione delle bollette fa diminuire gli acquisti anche nell\u2019extra-alimentare: in questo caso, ma solo per ora, probabilmente beni durevoli.<\/div>\n<\/div>\n<div class=\"x11i5rnm xat24cr x1mh8g0r x1vvkbs xtlvy1s x126k92a\">\n<div dir=\"auto\">Se continua cos\u00ec, per\u00f2, tutti i consumi verranno interessati: i recenti dati Istat sul risparmio delle famiglie hanno mostrato come queste abbiano eroso, nel secondo trimestre, gi\u00e0 oltre 2 punti di propensione al risparmio per mantenere un certo livello di acquisti. Risorse che si esauriranno nei prossimi mesi: l\u2019autunno sar\u00e0 dunque il banco di prova della capacit\u00e0 di resilienza delle imprese della distribuzione commerciale, anche se i piccoli sono gi\u00e0 in debito d\u2019ossigeno.<\/div>\n<\/div>\n<div class=\"x11i5rnm xat24cr x1mh8g0r x1vvkbs xtlvy1s x126k92a\">\n<div dir=\"auto\">Gli esercizi di vicinato registrano, infatti, un crollo in volume del -4% rispetto ad un anno fa, concentrato in particolare nel comparto non alimentare, mentre continua l\u2019ascesa del commercio elettronico che opera in regime di completa deregulation. E che si prepara all\u2019assalto del Natale: tra Prime Days e Black Friday, le promozioni online hanno raddoppiato la propria presenza. Uno scenario doppiamente difficile per i negozi di vicinato che, assediati dall\u2019aumento dei costi energetici, non potranno certo vendere in sconto, subendo una concorrenza da parte dell\u2019online che non pu\u00f2 definirsi virtuosa.<\/div>\n<\/div>\n<div class=\"x11i5rnm xat24cr x1mh8g0r x1vvkbs xtlvy1s x126k92a\">\n<div dir=\"auto\">In questo quadro, a nostro avviso, l\u2019unica soluzione possibile rimane l\u2019imposizione di un tetto alle tariffe energetiche, che riporti i costi per l\u2019approvvigionamento di energia e gas a livelli sostenibili per famiglie ed imprese. Senza un intervento di questo tipo, infatti, l\u2019inflazione continuer\u00e0 a salire e far contrarre i consumi, per i quali non \u00e8 difficile prevedere, quest\u2019autunno, una vera e propria caduta libera.<\/div>\n<\/div>\n","protected":false},"excerpt":{"rendered":"<p>L\u2019inflazione e il caro bollette tagliano le vendite. Nonostante il buon andamento della stagione turistica, ad agosto i dati Istat riportano un forte flessione dei volumi di vendita, sia in confronto a luglio che allo stesso mese dello scorso anno. Una caduta che anticipa un\u2019ulteriore contrazione, pi\u00f9 marcata, che le attivit\u00e0 commerciali ci stanno segnalando [&hellip;]<\/p>\n","protected":false},"author":1,"featured_media":3746,"comment_status":"closed","ping_status":"open","sticky":false,"template":"","format":"standard","meta":{"footnotes":""},"categories":[45],"tags":[],"class_list":["post-3745","post","type-post","status-publish","format-standard","has-post-thumbnail","hentry","category-napoli"],"_links":{"self":[{"href":"https:\/\/www.confesercenticampania.it\/demo\/wp-json\/wp\/v2\/posts\/3745","targetHints":{"allow":["GET"]}}],"collection":[{"href":"https:\/\/www.confesercenticampania.it\/demo\/wp-json\/wp\/v2\/posts"}],"about":[{"href":"https:\/\/www.confesercenticampania.it\/demo\/wp-json\/wp\/v2\/types\/post"}],"author":[{"embeddable":true,"href":"https:\/\/www.confesercenticampania.it\/demo\/wp-json\/wp\/v2\/users\/1"}],"replies":[{"embeddable":true,"href":"https:\/\/www.confesercenticampania.it\/demo\/wp-json\/wp\/v2\/comments?post=3745"}],"version-history":[{"count":1,"href":"https:\/\/www.confesercenticampania.it\/demo\/wp-json\/wp\/v2\/posts\/3745\/revisions"}],"predecessor-version":[{"id":3747,"href":"https:\/\/www.confesercenticampania.it\/demo\/wp-json\/wp\/v2\/posts\/3745\/revisions\/3747"}],"wp:featuredmedia":[{"embeddable":true,"href":"https:\/\/www.confesercenticampania.it\/demo\/wp-json\/wp\/v2\/media\/3746"}],"wp:attachment":[{"href":"https:\/\/www.confesercenticampania.it\/demo\/wp-json\/wp\/v2\/media?parent=3745"}],"wp:term":[{"taxonomy":"category","embeddable":true,"href":"https:\/\/www.confesercenticampania.it\/demo\/wp-json\/wp\/v2\/categories?post=3745"},{"taxonomy":"post_tag","embeddable":true,"href":"https:\/\/www.confesercenticampania.it\/demo\/wp-json\/wp\/v2\/tags?post=3745"}],"curies":[{"name":"wp","href":"https:\/\/api.w.org\/{rel}","templated":true}]}}