{"id":4013,"date":"2023-03-28T09:41:33","date_gmt":"2023-03-28T07:41:33","guid":{"rendered":"https:\/\/www.confesercenticampania.it\/demo\/?p=4013"},"modified":"2023-07-10T13:03:11","modified_gmt":"2023-07-10T11:03:11","slug":"nasce-confesercenti-acerra-il-distretto-del-commercio-il-primo-obiettivo","status":"publish","type":"post","link":"https:\/\/www.confesercenticampania.it\/demo\/nasce-confesercenti-acerra-il-distretto-del-commercio-il-primo-obiettivo\/","title":{"rendered":"Nasce Confesercenti Acerra, il distretto del commercio il primo obiettivo"},"content":{"rendered":"<p>E&#8217; stata inaugurata questo pomeriggio la sezione di Acerra di Confesercenti. Alla presenza di Vincenzo Schiavo, presidente di Confesercenti Campania e vicepresidente Nazionale con delega al Mezzogiorno, \u00e8 stata costituita l\u2019associazione del territorio che si propone di assistere, sostenere e promuovere le tante attivit\u00e0 ed aziende acerrane. Come presidente di Confesercenti Acerra \u00e8 stato scelto Ambrogio Soriano, figura imprenditoriale importante, proprietario di una storica azienda del beverage di Acerra. A comporre il direttivo ci sono il segretario Nicola D\u2019Anza e i consiglieri Gaetano Paolella, Antonio Tufano e Ciro Elmo. Presenti anche Vincenzo Mangone, Nicola D\u2019Onofrio, Domenico La Montagna, Salvatore Riemma, Attilio Albachiara e Angela Mormile. Sono gi\u00e0 circa 100 le attivit\u00e0 iscritte a Confesercenti Acerra, a breve ne saranno molte di pi\u00f9.<\/p>\n<p>\u00abConfesercenti Campania aggiunge un alto tassello territoriale importante ad Acerra \u2013 commenta Vincenzo Schiavo-, dove ci sono potenzialit\u00e0 economiche e progetti imprenditoriali molto lungimiranti. In questa sezione ci sono persone fortemente interessate a costituire un Distretto del Commercio, e noi riteniamo che ci siano tutti i presupposti. Dialogheremo con l&#8217;amministrazione comunale, stiamo pianificando una serie di progetti per rilanciare l&#8217;economia del territorio\u00bb.<\/p>\n","protected":false},"excerpt":{"rendered":"<p>E&#8217; stata inaugurata questo pomeriggio la sezione di Acerra di Confesercenti. Alla presenza di Vincenzo Schiavo, presidente di Confesercenti Campania e vicepresidente Nazionale con delega al Mezzogiorno, \u00e8 stata costituita l\u2019associazione del territorio che si propone di assistere, sostenere e promuovere le tante attivit\u00e0 ed aziende acerrane. Come presidente di Confesercenti Acerra \u00e8 stato scelto [&hellip;]<\/p>\n","protected":false},"author":1,"featured_media":4014,"comment_status":"closed","ping_status":"open","sticky":false,"template":"","format":"standard","meta":{"footnotes":""},"categories":[23,46],"tags":[],"class_list":["post-4013","post","type-post","status-publish","format-standard","has-post-thumbnail","hentry","category-campania","category-post-slug"],"_links":{"self":[{"href":"https:\/\/www.confesercenticampania.it\/demo\/wp-json\/wp\/v2\/posts\/4013","targetHints":{"allow":["GET"]}}],"collection":[{"href":"https:\/\/www.confesercenticampania.it\/demo\/wp-json\/wp\/v2\/posts"}],"about":[{"href":"https:\/\/www.confesercenticampania.it\/demo\/wp-json\/wp\/v2\/types\/post"}],"author":[{"embeddable":true,"href":"https:\/\/www.confesercenticampania.it\/demo\/wp-json\/wp\/v2\/users\/1"}],"replies":[{"embeddable":true,"href":"https:\/\/www.confesercenticampania.it\/demo\/wp-json\/wp\/v2\/comments?post=4013"}],"version-history":[{"count":1,"href":"https:\/\/www.confesercenticampania.it\/demo\/wp-json\/wp\/v2\/posts\/4013\/revisions"}],"predecessor-version":[{"id":4015,"href":"https:\/\/www.confesercenticampania.it\/demo\/wp-json\/wp\/v2\/posts\/4013\/revisions\/4015"}],"wp:featuredmedia":[{"embeddable":true,"href":"https:\/\/www.confesercenticampania.it\/demo\/wp-json\/wp\/v2\/media\/4014"}],"wp:attachment":[{"href":"https:\/\/www.confesercenticampania.it\/demo\/wp-json\/wp\/v2\/media?parent=4013"}],"wp:term":[{"taxonomy":"category","embeddable":true,"href":"https:\/\/www.confesercenticampania.it\/demo\/wp-json\/wp\/v2\/categories?post=4013"},{"taxonomy":"post_tag","embeddable":true,"href":"https:\/\/www.confesercenticampania.it\/demo\/wp-json\/wp\/v2\/tags?post=4013"}],"curies":[{"name":"wp","href":"https:\/\/api.w.org\/{rel}","templated":true}]}}